{"id":1097,"global_id":"321kyrkorna.se?id=1097","global_id_lineage":["321kyrkorna.se?id=1097"],"author":"5","status":"publish","date":"2025-05-20 07:27:02","date_utc":"2025-05-20 05:27:02","modified":"2025-07-23 08:02:05","modified_utc":"2025-07-23 06:02:05","url":"https:\/\/321kyrkorna.se\/?tribe_events=lockasen-elim-gudstjanst-5","rest_url":"https:\/\/321kyrkorna.se\/index.php?rest_route=\/tribe\/events\/v1\/events\/1097","title":"Lock\u00e5sen Elim Gudstj\u00e4nst","description":"<p>Ingegerd och S\u00f6ren Ekerbo medverkar<\/p>","excerpt":"","slug":"lockasen-elim-gudstjanst-5","image":false,"all_day":false,"start_date":"2025-07-27 11:00:00","start_date_details":{"year":"2025","month":"07","day":"27","hour":"11","minutes":"00","seconds":"00"},"end_date":"2025-07-27 13:00:00","end_date_details":{"year":"2025","month":"07","day":"27","hour":"13","minutes":"00","seconds":"00"},"utc_start_date":"2025-07-27 09:00:00","utc_start_date_details":{"year":"2025","month":"07","day":"27","hour":"09","minutes":"00","seconds":"00"},"utc_end_date":"2025-07-27 11:00:00","utc_end_date_details":{"year":"2025","month":"07","day":"27","hour":"11","minutes":"00","seconds":"00"},"timezone":"Europe\/Stockholm","timezone_abbr":"CEST","cost":"","cost_details":{"currency_symbol":"$","currency_code":"SEK","currency_position":"prefix","values":[]},"website":"","show_map":true,"show_map_link":true,"hide_from_listings":false,"sticky":false,"featured":false,"categories":[{"name":"Gudstj\u00e4nst","slug":"gudstjanst","term_group":0,"term_taxonomy_id":12,"taxonomy":"tribe_events_cat","description":"","parent":31,"count":29,"filter":"raw","id":12,"urls":{"self":"https:\/\/321kyrkorna.se\/index.php?rest_route=\/tribe\/events\/v1\/categories\/12","collection":"https:\/\/321kyrkorna.se\/index.php?rest_route=\/tribe\/events\/v1\/categories","up":"https:\/\/321kyrkorna.se\/index.php?rest_route=\/tribe\/events\/v1\/categories\/31"}}],"tags":[],"venue":[],"organizer":[],"custom_fields":[],"json_ld":{"@context":"http:\/\/schema.org","@type":"Event","name":"Lock\u00e5sen Elim Gudstj\u00e4nst","description":"&lt;p&gt;Ingegerd och S\u00f6ren Ekerbo medverkar&lt;\/p&gt;\\n","url":"https:\/\/321kyrkorna.se\/?tribe_events=lockasen-elim-gudstjanst-5","eventAttendanceMode":"https:\/\/schema.org\/OfflineEventAttendanceMode","eventStatus":"https:\/\/schema.org\/EventScheduled","startDate":"2025-07-27T11:00:00+02:00","endDate":"2025-07-27T13:00:00+02:00","performer":"Organization"}}