{"events":[{"id":1427,"global_id":"321kyrkorna.se?id=1427","global_id_lineage":["321kyrkorna.se?id=1427"],"author":"2","status":"publish","date":"2026-01-23 10:27:23","date_utc":"2026-01-23 09:27:23","modified":"2026-03-13 08:22:43","modified_utc":"2026-03-13 07:22:43","url":"https:\/\/321kyrkorna.se\/?tribe_events=gudstjanst-i-moteshallen-i-hallen-4","rest_url":"https:\/\/321kyrkorna.se\/index.php?rest_route=\/tribe\/events\/v1\/events\/1427","title":"Gudstj\u00e4nst i M\u00f6teshallen i Hallen","description":"","excerpt":"","slug":"gudstjanst-i-moteshallen-i-hallen-4","image":false,"all_day":false,"start_date":"2026-05-17 16:00:00","start_date_details":{"year":"2026","month":"05","day":"17","hour":"16","minutes":"00","seconds":"00"},"end_date":"2026-05-17 17:30:00","end_date_details":{"year":"2026","month":"05","day":"17","hour":"17","minutes":"30","seconds":"00"},"utc_start_date":"2026-05-17 14:00:00","utc_start_date_details":{"year":"2026","month":"05","day":"17","hour":"14","minutes":"00","seconds":"00"},"utc_end_date":"2026-05-17 15:30:00","utc_end_date_details":{"year":"2026","month":"05","day":"17","hour":"15","minutes":"30","seconds":"00"},"timezone":"Europe\/Stockholm","timezone_abbr":"CEST","cost":"","cost_details":{"currency_symbol":"$","currency_code":"SEK","currency_position":"prefix","values":[]},"website":"","show_map":true,"show_map_link":true,"hide_from_listings":false,"sticky":false,"featured":false,"categories":[{"name":"Gudstj\u00e4nst","slug":"gudstjanst","term_group":0,"term_taxonomy_id":12,"taxonomy":"tribe_events_cat","description":"","parent":31,"count":29,"filter":"raw","id":12,"urls":{"self":"https:\/\/321kyrkorna.se\/index.php?rest_route=\/tribe\/events\/v1\/categories\/12","collection":"https:\/\/321kyrkorna.se\/index.php?rest_route=\/tribe\/events\/v1\/categories","up":"https:\/\/321kyrkorna.se\/index.php?rest_route=\/tribe\/events\/v1\/categories\/31"}},{"name":"Interna bokningar","slug":"internabokningar","term_group":0,"term_taxonomy_id":34,"taxonomy":"tribe_events_cat","description":"Bokningar av Filadelfia Hallen-Oviken.","parent":32,"count":5,"filter":"raw","id":34,"urls":{"self":"https:\/\/321kyrkorna.se\/index.php?rest_route=\/tribe\/events\/v1\/categories\/34","collection":"https:\/\/321kyrkorna.se\/index.php?rest_route=\/tribe\/events\/v1\/categories","up":"https:\/\/321kyrkorna.se\/index.php?rest_route=\/tribe\/events\/v1\/categories\/32"}}],"tags":[],"venue":{"id":1469,"author":"9","status":"publish","date":"2026-03-13 08:21:28","date_utc":"2026-03-13 07:21:28","modified":"2026-03-13 08:21:35","modified_utc":"2026-03-13 07:21:35","url":"https:\/\/321kyrkorna.se\/?tribe_venue=moteshallen","venue":"M\u00f6teshallen","slug":"moteshallen","address":"Hallenv\u00e4gen 35","city":"Hallen","country":"Sweden","zip":"84591","show_map":true,"show_map_link":true,"global_id":"321kyrkorna.se?id=1469","global_id_lineage":["321kyrkorna.se?id=1469"]},"organizer":[],"custom_fields":[]},{"id":1429,"global_id":"321kyrkorna.se?id=1429","global_id_lineage":["321kyrkorna.se?id=1429"],"author":"2","status":"publish","date":"2026-01-23 10:32:35","date_utc":"2026-01-23 09:32:35","modified":"2026-03-13 08:21:57","modified_utc":"2026-03-13 07:21:57","url":"https:\/\/321kyrkorna.se\/?tribe_events=ekumenisk-gudstjanst-i-moteshallen-i-hallen","rest_url":"https:\/\/321kyrkorna.se\/index.php?rest_route=\/tribe\/events\/v1\/events\/1429","title":"Ekumenisk gudstj\u00e4nst i M\u00f6teshallen i Hallen","description":"<p>Medverkande Anders L\u00f6\u00f6v och Andreas Renstr\u00f6m m.fl.<\/p>","excerpt":"","slug":"ekumenisk-gudstjanst-i-moteshallen-i-hallen","image":false,"all_day":false,"start_date":"2026-06-07 16:00:00","start_date_details":{"year":"2026","month":"06","day":"07","hour":"16","minutes":"00","seconds":"00"},"end_date":"2026-06-07 17:30:00","end_date_details":{"year":"2026","month":"06","day":"07","hour":"17","minutes":"30","seconds":"00"},"utc_start_date":"2026-06-07 14:00:00","utc_start_date_details":{"year":"2026","month":"06","day":"07","hour":"14","minutes":"00","seconds":"00"},"utc_end_date":"2026-06-07 15:30:00","utc_end_date_details":{"year":"2026","month":"06","day":"07","hour":"15","minutes":"30","seconds":"00"},"timezone":"Europe\/Stockholm","timezone_abbr":"CEST","cost":"","cost_details":{"currency_symbol":"$","currency_code":"SEK","currency_position":"prefix","values":[]},"website":"","show_map":true,"show_map_link":true,"hide_from_listings":false,"sticky":false,"featured":false,"categories":[{"name":"Ekumenisk Gudstj\u00e4nst","slug":"ekumenisk-gudstjanst","term_group":0,"term_taxonomy_id":11,"taxonomy":"tribe_events_cat","description":"","parent":31,"count":1,"filter":"raw","id":11,"urls":{"self":"https:\/\/321kyrkorna.se\/index.php?rest_route=\/tribe\/events\/v1\/categories\/11","collection":"https:\/\/321kyrkorna.se\/index.php?rest_route=\/tribe\/events\/v1\/categories","up":"https:\/\/321kyrkorna.se\/index.php?rest_route=\/tribe\/events\/v1\/categories\/31"}},{"name":"Interna bokningar","slug":"internabokningar","term_group":0,"term_taxonomy_id":34,"taxonomy":"tribe_events_cat","description":"Bokningar av Filadelfia Hallen-Oviken.","parent":32,"count":5,"filter":"raw","id":34,"urls":{"self":"https:\/\/321kyrkorna.se\/index.php?rest_route=\/tribe\/events\/v1\/categories\/34","collection":"https:\/\/321kyrkorna.se\/index.php?rest_route=\/tribe\/events\/v1\/categories","up":"https:\/\/321kyrkorna.se\/index.php?rest_route=\/tribe\/events\/v1\/categories\/32"}}],"tags":[],"venue":{"id":1469,"author":"9","status":"publish","date":"2026-03-13 08:21:28","date_utc":"2026-03-13 07:21:28","modified":"2026-03-13 08:21:35","modified_utc":"2026-03-13 07:21:35","url":"https:\/\/321kyrkorna.se\/?tribe_venue=moteshallen","venue":"M\u00f6teshallen","slug":"moteshallen","address":"Hallenv\u00e4gen 35","city":"Hallen","country":"Sweden","zip":"84591","show_map":true,"show_map_link":true,"global_id":"321kyrkorna.se?id=1469","global_id_lineage":["321kyrkorna.se?id=1469"]},"organizer":[],"custom_fields":[]}],"rest_url":"https:\/\/321kyrkorna.se\/index.php?rest_route=%2Ftribe%2Fevents%2Fv1%2Fevents%2F&page=1&per_page=10&start_date=2026-05-02 00:00:00&end_date=2028-05-02 23:59:59&status=publish","total":2,"total_pages":1}